




{"id":2338,"date":"2016-06-20T08:30:13","date_gmt":"2016-06-20T07:30:13","guid":{"rendered":"https:\/\/www.synergiedentaire.com\/?p=2338"},"modified":"2016-06-24T16:37:53","modified_gmt":"2016-06-24T15:37:53","slug":"2338","status":"publish","type":"post","link":"https:\/\/www.synergiedentaire.com\/?p=2338","title":{"rendered":"Assistante dentaire : un nouveau m\u00e9tier \u00e0 l\u2019horizon"},"content":{"rendered":"<div id=\"fb-root\"><\/div>\n<p>\u00ab Ne laissons \u00e0 personne nous dicter ce que nous devons \u00eatre, \u00e9crivons ensemble notre avenir \u00bb, a lanc\u00e9 Dominique Munoz, pr\u00e9sidente de l\u2019Union fran\u00e7aise des assistantes dentaires (UFAD), en ouvrant la troisi\u00e8me Journ\u00e9e nationale des assistantes dentaires (JNAD) qu\u2019elle organisait le 31 mars \u00e0 Paris (Bercy). Si, apr\u00e8s trente ans d\u2019engagement, elle s\u2019est r\u00e9jouie de l\u2019inscription des assistantes dentaires dans le Code de la sant\u00e9 publique (CSP), devenue d\u00e9finitive le 26 janvier, jour de la publication au Journal officiel, elle a appel\u00e9 ses cons\u0153urs et confr\u00e8res \u00e0 ne pas passer \u00e0 c\u00f4t\u00e9 de leur histoire. \u00ab Nous sommes d\u00e9sormais des personnels de sant\u00e9 \u00e0 part enti\u00e8re, une profession param\u00e9dicale comme les autres et tout va changer. Mais les pages restent \u00e0 \u00e9crire. Comptez sur nous, sur moi, pour d\u00e9fendre vos int\u00e9r\u00eats. \u00bb<br \/>\n<b>\u00ab Pas de bricolage \u00bb<\/b><\/p>\n<p>Ce qui va changer ? D\u2019abord le statut : les assistant(e)s sont d\u00e9sormais des auxiliaires m\u00e9dicaux (Livre 3, titre 9 du CSP) au m\u00eame titre, par exemple, que les aides-soignants ou les ambulanciers. Ce nouveau statut va entra\u00eener la refondation des contours du m\u00e9tier : les t\u00e2ches d\u00e9volues, les possibles d\u00e9l\u00e9gations de t\u00e2ches, les sp\u00e9cialit\u00e9s accessibles et leurs formations (endo, ortho, p\u00e9do\u2026), les nouveaux postes, par exemple la pr\u00e9sence d\u2019assistantes dentaires dans les services longs s\u00e9jours des h\u00f4pitaux ou dans les \u00e9coles pour faire de la pr\u00e9vention, dans les prisons, etc.<\/p>\n<p>L\u2019inscription au CSP, cela veut aussi dire obtenir un dipl\u00f4me reconnu par l\u2019Etat, s\u00e9curis\u00e9, valable en toutes circonstances, et donc la possibilit\u00e9 de cr\u00e9er des passerelles, aujourd\u2019hui inexistantes, entre cabinets lib\u00e9raux, h\u00f4pitaux, centres de sant\u00e9 ou \u00e9tablissements d\u2019h\u00e9bergement pour personnes \u00e2g\u00e9es d\u00e9pendantes (EHPAD).<br \/>\nCette revalorisation du m\u00e9tier n\u00e9cessitera \u00e9galement de refondre des grilles de salaires et la convention collective. Tous les repr\u00e9sentants des assistantes dentaires, les centres de formation, vont devoir se r\u00e9unir avec les chirurgiens-dentistes, les syndicats dentaires, l\u2019Ordre, les universit\u00e9s, l\u2019Acad\u00e9mie, les centres de sant\u00e9, etc., pour construire la profession et \u00e9crire les d\u00e9crets d\u2019application de la loi.<\/p>\n<p>\u00ab Le minist\u00e8re de la Sant\u00e9 nous a contact\u00e9s la semaine derni\u00e8re pour cr\u00e9er une commission de r\u00e9flexion, a r\u00e9v\u00e9l\u00e9 Gilbert Bouteille, le pr\u00e9sident du Conseil de l\u2019Ordre des chirurgiens-dentistes. Je souhaite cette commission la plus large possible. Nous n\u2019avons pas fait tout ce chemin pour rien. J\u2019appelle de mes v\u0153ux des \u00e9volutions importantes pour les assistantes dentaires et pour notre m\u00e9tier dans les mois \u00e0 venir, pas du bricolage. Nous devons r\u00e9ussir pour tous, mais aussi, surtout, dans l\u2019int\u00e9r\u00eat des patients. \u00bb<\/p>\n<p>&nbsp;<\/p>\n<p>Lire la suite sur : <a href=\"http:\/\/www.information-dentaire.fr\/011-2050-Assistante-dentaire-un-nouveau-metier-a-l-horizon.html\" target=\"_blank\"  rel=\"nofollow\" >http:\/\/www.information-dentaire.fr\/011-2050-Assistante-dentaire-un-nouveau-metier-a-l-horizon.html<\/a><\/p>\n<!-- AddThis Advanced Settings generic via filter on the_content --><!-- AddThis Share Buttons generic via filter on the_content -->","protected":false},"excerpt":{"rendered":"<p>\u00ab Ne laissons \u00e0 personne nous dicter ce que nous devons \u00eatre, \u00e9crivons ensemble notre avenir \u00bb, a lanc\u00e9 Dominique Munoz, pr\u00e9sidente de l\u2019Union fran\u00e7aise des assistantes dentaires (UFAD), en ouvrant la troisi\u00e8me Journ\u00e9e nationale des assistantes dentaires (JNAD) qu\u2019elle organisait le 31 mars \u00e0 Paris (Bercy). Si, apr\u00e8s trente ans d\u2019engagement, elle s\u2019est r\u00e9jouie [&hellip;]<!-- AddThis Advanced Settings generic via filter on get_the_excerpt --><!-- AddThis Share Buttons generic via filter on get_the_excerpt --><\/p>\n","protected":false},"author":1,"featured_media":2455,"comment_status":"open","ping_status":"open","sticky":false,"template":"","format":"standard","meta":{"footnotes":""},"categories":[90],"tags":[],"_links":{"self":[{"href":"https:\/\/www.synergiedentaire.com\/index.php?rest_route=\/wp\/v2\/posts\/2338"}],"collection":[{"href":"https:\/\/www.synergiedentaire.com\/index.php?rest_route=\/wp\/v2\/posts"}],"about":[{"href":"https:\/\/www.synergiedentaire.com\/index.php?rest_route=\/wp\/v2\/types\/post"}],"author":[{"embeddable":true,"href":"https:\/\/www.synergiedentaire.com\/index.php?rest_route=\/wp\/v2\/users\/1"}],"replies":[{"embeddable":true,"href":"https:\/\/www.synergiedentaire.com\/index.php?rest_route=%2Fwp%2Fv2%2Fcomments&post=2338"}],"version-history":[{"count":2,"href":"https:\/\/www.synergiedentaire.com\/index.php?rest_route=\/wp\/v2\/posts\/2338\/revisions"}],"predecessor-version":[{"id":2341,"href":"https:\/\/www.synergiedentaire.com\/index.php?rest_route=\/wp\/v2\/posts\/2338\/revisions\/2341"}],"wp:featuredmedia":[{"embeddable":true,"href":"https:\/\/www.synergiedentaire.com\/index.php?rest_route=\/wp\/v2\/media\/2455"}],"wp:attachment":[{"href":"https:\/\/www.synergiedentaire.com\/index.php?rest_route=%2Fwp%2Fv2%2Fmedia&parent=2338"}],"wp:term":[{"taxonomy":"category","embeddable":true,"href":"https:\/\/www.synergiedentaire.com\/index.php?rest_route=%2Fwp%2Fv2%2Fcategories&post=2338"},{"taxonomy":"post_tag","embeddable":true,"href":"https:\/\/www.synergiedentaire.com\/index.php?rest_route=%2Fwp%2Fv2%2Ftags&post=2338"}],"curies":[{"name":"wp","href":"https:\/\/api.w.org\/{rel}","templated":true}]}}