




{"id":4446,"date":"2019-12-21T17:15:24","date_gmt":"2019-12-21T16:15:24","guid":{"rendered":"https:\/\/www.synergiedentaire.com\/?p=4446"},"modified":"2019-12-21T17:15:24","modified_gmt":"2019-12-21T16:15:24","slug":"gare-au-desequilibre-du-microbiote-buccal","status":"publish","type":"post","link":"https:\/\/www.synergiedentaire.com\/?p=4446","title":{"rendered":"Gare au d\u00e9s\u00e9quilibre du microbiote buccal"},"content":{"rendered":"<div id=\"fb-root\"><\/div>\n<p>Les bact\u00e9ries de la bouche vivent en symbiose avec notre organisme. Mais une mauvaise alimentation ou une d\u00e9faillance de l\u2019hygi\u00e8ne bucco-dentaire peuvent contribuer \u00e0 l\u2019apparition de certaines maladies, intestinales, cardio-vasculaires, pulmonaires et m\u00eame c\u00e9r\u00e9brales.\u00a0Cet article est issu du magazine\u00a0<em>Sciences et Avenir\u00a0<\/em>n\u00b0874\u00a0dat\u00e9 d\u00e9cembre 2019.<\/p>\n<p>Le chiffre donne le tournis : notre bouche abrite plusieurs milliards de bact\u00e9ries formant le microbiote le plus abondant du corps humain apr\u00e8s celui de l\u2019intestin. Le plus diversifi\u00e9 aussi : le projet\u00a0<em>Human oral microbiome database<\/em>, lanc\u00e9 en 2010 par le Forsyth Institute, affili\u00e9e \u00e0 la facult\u00e9 dentaire de Harvard (Boston, \u00c9tats-Unis) a recens\u00e9, gr\u00e2ce aux nouvelles techniques de s\u00e9quen\u00e7age de l\u2019ADN, 771 esp\u00e8ces diff\u00e9rentes de bact\u00e9ries buccales !\u00a0<em>\u00ab\u00a0Chaque individu en h\u00e9berge entre 250 et 300, cohabitant avec des virus, des protozoaires et des champignons,\u00a0<\/em>ajoute le Dr Vincent Meuric, chirurgien- dentiste et chercheur au p\u00f4le odontologie du CHU de Rennes (Ille-et-Vilaine)<em>. Ces bact\u00e9ries sont soit commensales (protectrices), soit opportunistes, c\u2019est-\u00e0-dire qu\u2019elles peuvent devenir pathog\u00e8nes en fonction des conditions de l\u2019environnement.\u00a0\u00bb<\/em><\/p>\n<h2><em>\u00ab\u00a0Cet \u00e9quilibre peut \u00eatre menac\u00e9 par l\u2019alimentation, le tabac, une antibioth\u00e9rapie&#8230;\u00a0\u00bb<\/em><\/h2>\n<p>Lorsque le microbiote est \u00e0 l\u2019\u00e9quilibre (ou eubiose),\u00a0<em>\u00ab\u00a0l\u2019ensemble des surfaces de la bouche \u00e9tant colonis\u00e9 par des bact\u00e9ries commensales, il reste peu de place pour la fixation des agents pathog\u00e8nes\u00a0\u00bb<\/em>, d\u00e9taille la Pr Marie-Laure Colombier, chirurgien-dentiste sp\u00e9cialis\u00e9e en parodontologie \u00e0 l\u2019h\u00f4pital Louis-Mourier de Colombes (Hauts-de-Seine). \u00ab\u00a0<em>Mais cet \u00e9quilibre peut \u00eatre menac\u00e9 par l\u2019alimentation, le tabac, une antibioth\u00e9rapie, une insuffisance d\u2019hygi\u00e8ne bucco-dentaire ou le stress,\u00a0<\/em>poursuit-elle<em>. Et la rupture de cet \u00e9quilibre (dysbiose) entra\u00eene la prolif\u00e9ration de bact\u00e9ries opportunistes, susceptibles de provoquer des infections locales.\u00a0\u00bb<\/em>\u00a0Selon Vincent Meuric, l\u2019exemple le plus courant est la consommation de sucre en dehors des repas. \u00ab\u00a0<em>Les bact\u00e9ries opportunistes qui s\u2019en nourrissent prolif\u00e8rent et produisent des compos\u00e9s acides qui attaquent l\u2019\u00e9mail, la couche externe, dure et min\u00e9ralis\u00e9e, qui recouvre la couronne dentaire, jusqu\u2019\u00e0 provoquer une carie.\u00a0\u00bb<\/em><\/p>\n<p>Autre cons\u00e9quence d\u2019une dysbiose, la maladie \u00ab\u00a0parodontale\u00a0\u00bb\u00a0d\u00e9clench\u00e9e par une pr\u00e9sence excessive bact\u00e9rienne : \u00ab\u00a0<em>Elle peut \u00eatre superficielle et r\u00e9versible, ne touchant que la gencive : c\u2019est la gingivite,\u00a0<\/em>pr\u00e9cise Marie-Laure Colombier<em>. Ou bien concerner le support de la dent et la menacer de d\u00e9chaussement. On parle alors de \u00ab\u00a0parodontite\u00a0\u00bb.\u00a0\u00bb<\/em>\u00a0Dans ce cas, alerte rouge dans tout l\u2019organisme !<\/p>\n<p>&nbsp;<\/p>\n<p>source : <a href=\"https:\/\/www.sciencesetavenir.fr\/sante\/os-et-muscles\/gare-au-desequilibre-du-microbiote-buccal_139453\" target=\"_blank\"  rel=\"nofollow\" >https:\/\/www.sciencesetavenir.fr\/sante\/os-et-muscles\/gare-au-desequilibre-du-microbiote-buccal_139453<\/a><\/p>\n<!-- AddThis Advanced Settings generic via filter on the_content --><!-- AddThis Share Buttons generic via filter on the_content -->","protected":false},"excerpt":{"rendered":"<p>Les bact\u00e9ries de la bouche vivent en symbiose avec notre organisme. Mais une mauvaise alimentation ou une d\u00e9faillance de l\u2019hygi\u00e8ne bucco-dentaire peuvent contribuer \u00e0 l\u2019apparition de certaines maladies, intestinales, cardio-vasculaires, pulmonaires et m\u00eame c\u00e9r\u00e9brales.\u00a0Cet article est issu du magazine\u00a0Sciences et Avenir\u00a0n\u00b0874\u00a0dat\u00e9 d\u00e9cembre 2019. Le chiffre donne le tournis : notre bouche abrite plusieurs milliards de [&hellip;]<!-- AddThis Advanced Settings generic via filter on get_the_excerpt --><!-- AddThis Share Buttons generic via filter on get_the_excerpt --><\/p>\n","protected":false},"author":1,"featured_media":4447,"comment_status":"closed","ping_status":"closed","sticky":false,"template":"","format":"standard","meta":{"footnotes":""},"categories":[93],"tags":[],"_links":{"self":[{"href":"https:\/\/www.synergiedentaire.com\/index.php?rest_route=\/wp\/v2\/posts\/4446"}],"collection":[{"href":"https:\/\/www.synergiedentaire.com\/index.php?rest_route=\/wp\/v2\/posts"}],"about":[{"href":"https:\/\/www.synergiedentaire.com\/index.php?rest_route=\/wp\/v2\/types\/post"}],"author":[{"embeddable":true,"href":"https:\/\/www.synergiedentaire.com\/index.php?rest_route=\/wp\/v2\/users\/1"}],"replies":[{"embeddable":true,"href":"https:\/\/www.synergiedentaire.com\/index.php?rest_route=%2Fwp%2Fv2%2Fcomments&post=4446"}],"version-history":[{"count":1,"href":"https:\/\/www.synergiedentaire.com\/index.php?rest_route=\/wp\/v2\/posts\/4446\/revisions"}],"predecessor-version":[{"id":4448,"href":"https:\/\/www.synergiedentaire.com\/index.php?rest_route=\/wp\/v2\/posts\/4446\/revisions\/4448"}],"wp:featuredmedia":[{"embeddable":true,"href":"https:\/\/www.synergiedentaire.com\/index.php?rest_route=\/wp\/v2\/media\/4447"}],"wp:attachment":[{"href":"https:\/\/www.synergiedentaire.com\/index.php?rest_route=%2Fwp%2Fv2%2Fmedia&parent=4446"}],"wp:term":[{"taxonomy":"category","embeddable":true,"href":"https:\/\/www.synergiedentaire.com\/index.php?rest_route=%2Fwp%2Fv2%2Fcategories&post=4446"},{"taxonomy":"post_tag","embeddable":true,"href":"https:\/\/www.synergiedentaire.com\/index.php?rest_route=%2Fwp%2Fv2%2Ftags&post=4446"}],"curies":[{"name":"wp","href":"https:\/\/api.w.org\/{rel}","templated":true}]}}