




{"id":4745,"date":"2020-04-03T21:16:46","date_gmt":"2020-04-03T20:16:46","guid":{"rendered":"https:\/\/www.synergiedentaire.com\/?p=4745"},"modified":"2020-04-03T22:38:03","modified_gmt":"2020-04-03T21:38:03","slug":"canada-18-500-dentistes-font-plier-une-assurance-privee-pour-quelle-les-indemnise-suite-a-la-fermeture-de-leur-cabinet","status":"publish","type":"post","link":"https:\/\/www.synergiedentaire.com\/?p=4745","title":{"rendered":"Canada : les dentistes font plier une compagnie d&rsquo;assurance pour qu&rsquo;elle les indemnise suite \u00e0 la fermeture de leur cabinet"},"content":{"rendered":"<div id=\"fb-root\"><\/div>\n<p>Le PDG d&rsquo;Aviva Canada, Jason Storah, a d\u00e9clar\u00e9 que la compagnie d&rsquo;assurance <strong>\u00abmaintiendrait\u00bb sa couverture pand\u00e9mique pour les dentistes<\/strong> qui ont suivi les ordres provinciaux de fermer leurs cabinets en raison de l&rsquo;\u00e9pid\u00e9mie de COVID-19.<\/p>\n<p>L&rsquo;assurance \u00e0 la communaut\u00e9 dentaire vient deux semaines apr\u00e8s que les associations dentaires provinciales ont \u00ab<strong>fortement recommand\u00e9<\/strong>\u00bb que des milliers de dentistes suspendent imm\u00e9diatement tous les services non essentiels et facultatifs ou de routine pour les patients.<\/p>\n<p>Mais apr\u00e8s avoir soumis des r\u00e9clamations \u00e0 Aviva pour une assurance contre les interruptions d&rsquo;activit\u00e9 &#8211; qui inclut une couverture contre la pand\u00e9mie &#8211; de nombreux dentistes ont \u00e9t\u00e9 laiss\u00e9s dans l&rsquo;ignorance de savoir si ils seraient indemnis\u00e9s, et plusieurs dentistes ont dit que c&rsquo;\u00e9tait tr\u00e8s peu probable car ils avaient ferm\u00e9 \u00ab\u00a0volontairement\u00a0\u00bb leurs cabinets.<\/p>\n<p><a href=\"https:\/\/www.facebook.com\/Johnstone-Periodontics-524134871014955\/\" target=\"_blank\"  rel=\"nofollow\" >Andrea Johnstone<\/a>, une parodontiste de Toronto, avec sa coll\u00e8gue Sue Chincholi, <strong>a lanc\u00e9 une p\u00e9tition en ligne pour lutter contre le retard dans l&rsquo;obtention d&rsquo;une d\u00e9cision concernant leur police d&rsquo;assurance, et plus de 18 500 dentistes avaient sign\u00e9 mardi matin.<\/strong><\/p>\n<p>M. Storah a d\u00e9clar\u00e9 mardi soir que la soci\u00e9t\u00e9 avait re\u00e7u \u00ab\u00a0des r\u00e9clamations d&rsquo;assurance contre la pand\u00e9mie li\u00e9es \u00e0 COVID-19 sans pr\u00e9c\u00e9dent\u00a0\u00bb de la part des dentistes et que le retard \u00e9tait d\u00fb \u00e0 \u00ab\u00a0un certain nombre d&rsquo;obstacles juridiques, r\u00e9glementaires et op\u00e9rationnels complexes\u00a0\u00bb li\u00e9s aux r\u00e9clamations des dentistes. Cependant, a-t-il dit, les obstacles ont \u00e9t\u00e9 r\u00e9solus par les ordonnances de fermeture des gouvernements provinciaux pour les services non essentiels.<\/p>\n<p><em>\u00abJe peux confirmer aujourd&rsquo;hui qu&rsquo;Aviva Canada maintiendra bien s\u00fbr cette couverture pand\u00e9mique fournie aux dentistes en ce qui concerne les ordonnances provinciales de fermer tous les traitements dentaires non urgents\u00bb,<\/em> a d\u00e9clar\u00e9 M. Storah.<em> \u00abNous publierons des directives et les prochaines \u00e9tapes prochainement pour les dentistes afin qu&rsquo;ils puissent chacun soumettre des demandes qui seront \u00e9valu\u00e9es et r\u00e9gl\u00e9es individuellement. \u00bb<\/em><\/p>\n<p>Les dentistes se battent pour obtenir des versements d&rsquo;assurance parce que la fermeture des cabinets est consid\u00e9r\u00e9e <em>(ndt par les assureurs)<\/em> comme \u00abvolontaire\u00bb<\/p>\n<p>Pour le Dr Michael Duchnay, sp\u00e9cialiste en m\u00e9decine bucco-dentaire \u00e0 Toronto qui a ferm\u00e9 sa pratique le 15 mars, l&rsquo;engagement d&rsquo;Aviva laisse encore beaucoup de questions sans r\u00e9ponse.<\/p>\n<p><strong>L&rsquo;une de ses principales pr\u00e9occupations est de savoir si les demandes d&rsquo;interruption d&rsquo;exercice seront honor\u00e9es et r\u00e9troactivement<\/strong> au moment o\u00f9 le dentiste a ferm\u00e9 son cabinet conform\u00e9ment \u00e0 la directive du Coll\u00e8ge royal des chirurgiens dentistes de l&rsquo;Ontario. Il a dit qu&rsquo;il craignait \u00e9galement que le traitement des demandes individuelles ne soit \u00abpotentiellement propice aux abus\u00bb.<\/p>\n<p><em>\u00abBien que cet engagement \u00e9crit semble \u00eatre une \u00e9volution positive\u2026 il reste incertain l&rsquo;\u00e9tendue de la couverture qu&rsquo;ils ont l&rsquo;intention de fournir, comment ils entendent traiter la validation des r\u00e9clamations individuelles et d\u00e9terminer les pertes et paiements sp\u00e9cifiques, et combien de temps le processus prendra avant le paiement \u00bb,<\/em> a d\u00e9clar\u00e9 le Dr Duchnay.<\/p>\n<p><em>\u00ab\u00a0Une grande partie de la substance de cette d\u00e9claration pr\u00e9liminaire d&rsquo;Aviva sera confirm\u00e9e par les moyens et la rapidit\u00e9 de sa mise en \u0153uvre\u00a0\u00bb, a-t-il ajout\u00e9. \u00ab\u00a0Il reste une grande urgence \u00e0 acc\u00e9l\u00e9rer les choses, afin que les dentistes puissent avoir confiance dans le retour \u00e0 pratiques apr\u00e8s la fin de cette crise. \u00bb<\/em><\/p>\n<p>L&rsquo;assurance vendue aux dentistes et aux sp\u00e9cialistes dentaires par CDSPI Advisory Services Inc. et souscrite par Aviva Canada &#8211; s&rsquo;appelle TripleGuardTM Insurance et couvre les titulaires pour les incendies, les vols, la responsabilit\u00e9 et les interruptions de pratique, y compris les circonstances sp\u00e9ciales comme les tremblements de terre et les pand\u00e9mies.<\/p>\n<p>La police d&rsquo;assurance dit qu&rsquo;elle est destin\u00e9e \u00e0 \u00abcompenser\u00bb la perte de revenu lors d&rsquo;une pand\u00e9mie. Automatiquement, les assur\u00e9s ont une couverture d&rsquo;interruption de pratique <strong>jusqu&rsquo;\u00e0 1000 $ par jour apr\u00e8s les premi\u00e8res 24 heures (jusqu&rsquo;\u00e0 une limite annuelle de 20000 $)<\/strong> lorsqu&rsquo;il leur est interdit d&rsquo;entrer dans leur bureau par ordre d&rsquo;une autorit\u00e9 civile ou d&rsquo;un responsable de la sant\u00e9 publique.<\/p>\n<p>Pour une prime suppl\u00e9mentaire, les titulaires de police peuvent <strong>augmenter la couverture<\/strong> de l&rsquo;\u00e9pid\u00e9mie de pand\u00e9mie<strong> jusqu&rsquo;\u00e0 2500 $ par jour (jusqu&rsquo;\u00e0 une limite annuelle de 50000 $) ou jusqu&rsquo;\u00e0 5000 $ par jour (jusqu&rsquo;\u00e0 une limite annuelle de 100000 $).<\/strong><\/p>\n<p>Le CDSPI, un fournisseur de services financiers pour les professionnels dentaires, a d\u00e9clar\u00e9 lundi au Globe qu&rsquo;il travaillait en \u00e9troite collaboration avec Aviva pour s&rsquo;assurer que la soci\u00e9t\u00e9 disposait des informations dont elle avait besoin concernant les diverses annonces et recommandations r\u00e9glementaires du gouvernement provincial \u00e9mises au cours des derni\u00e8res semaines.<\/p>\n<p><em>\u00abNous sommes ravis que les dentistes qui ont achet\u00e9 le contrat obtiennent l&rsquo;all\u00e9gement financier qu&rsquo;ils recherchent depuis le d\u00e9but\u00bb<\/em>, a d\u00e9clar\u00e9 Ed Dermit, pr\u00e9sident du CDSPI, en r\u00e9ponse \u00e0 la mise \u00e0 jour d&rsquo;Aviva. <em>\u00abC&rsquo;est le r\u00e9sultat que nous pr\u00e9conisons avec Aviva, au nom des dentistes.\u00bb<\/em><\/p>\n<p><a href=\"https:\/\/www.theglobeandmail.com\/business\/article-insurer-says-it-will-pay-dentists-claims-for-pandemic-coverage\/?fbclid=IwAR0LgiXHa1wJmARnNWYBnJAwuTHyJnH-w8eQz8_6JX1Z_9vsDTv5hnCQq-o\" target=\"_blank\"  rel=\"nofollow\" >https:\/\/www.theglobeandmail.com\/business\/article-insurer-says-it-will-pay-dentists-claims-for-pandemic-coverage\/?fbclid=IwAR0LgiXHa1wJmARnNWYBnJAwuTHyJnH-w8eQz8_6JX1Z_9vsDTv5hnCQq-o<\/a><\/p>\n<!-- AddThis Advanced Settings generic via filter on the_content --><!-- AddThis Share Buttons generic via filter on the_content -->","protected":false},"excerpt":{"rendered":"<p>Le PDG d&rsquo;Aviva Canada, Jason Storah, a d\u00e9clar\u00e9 que la compagnie d&rsquo;assurance \u00abmaintiendrait\u00bb sa couverture pand\u00e9mique pour les dentistes qui ont suivi les ordres provinciaux de fermer leurs cabinets en raison de l&rsquo;\u00e9pid\u00e9mie de COVID-19. L&rsquo;assurance \u00e0 la communaut\u00e9 dentaire vient deux semaines apr\u00e8s que les associations dentaires provinciales ont \u00abfortement recommand\u00e9\u00bb que des milliers [&hellip;]<!-- AddThis Advanced Settings generic via filter on get_the_excerpt --><!-- AddThis Share Buttons generic via filter on get_the_excerpt --><\/p>\n","protected":false},"author":1,"featured_media":4748,"comment_status":"closed","ping_status":"closed","sticky":false,"template":"","format":"standard","meta":{"footnotes":""},"categories":[84],"tags":[],"_links":{"self":[{"href":"https:\/\/www.synergiedentaire.com\/index.php?rest_route=\/wp\/v2\/posts\/4745"}],"collection":[{"href":"https:\/\/www.synergiedentaire.com\/index.php?rest_route=\/wp\/v2\/posts"}],"about":[{"href":"https:\/\/www.synergiedentaire.com\/index.php?rest_route=\/wp\/v2\/types\/post"}],"author":[{"embeddable":true,"href":"https:\/\/www.synergiedentaire.com\/index.php?rest_route=\/wp\/v2\/users\/1"}],"replies":[{"embeddable":true,"href":"https:\/\/www.synergiedentaire.com\/index.php?rest_route=%2Fwp%2Fv2%2Fcomments&post=4745"}],"version-history":[{"count":8,"href":"https:\/\/www.synergiedentaire.com\/index.php?rest_route=\/wp\/v2\/posts\/4745\/revisions"}],"predecessor-version":[{"id":4756,"href":"https:\/\/www.synergiedentaire.com\/index.php?rest_route=\/wp\/v2\/posts\/4745\/revisions\/4756"}],"wp:featuredmedia":[{"embeddable":true,"href":"https:\/\/www.synergiedentaire.com\/index.php?rest_route=\/wp\/v2\/media\/4748"}],"wp:attachment":[{"href":"https:\/\/www.synergiedentaire.com\/index.php?rest_route=%2Fwp%2Fv2%2Fmedia&parent=4745"}],"wp:term":[{"taxonomy":"category","embeddable":true,"href":"https:\/\/www.synergiedentaire.com\/index.php?rest_route=%2Fwp%2Fv2%2Fcategories&post=4745"},{"taxonomy":"post_tag","embeddable":true,"href":"https:\/\/www.synergiedentaire.com\/index.php?rest_route=%2Fwp%2Fv2%2Ftags&post=4745"}],"curies":[{"name":"wp","href":"https:\/\/api.w.org\/{rel}","templated":true}]}}