




{"id":5693,"date":"2021-11-17T16:26:51","date_gmt":"2021-11-17T15:26:51","guid":{"rendered":"https:\/\/www.synergiedentaire.com\/?p=5693"},"modified":"2021-11-17T16:26:51","modified_gmt":"2021-11-17T15:26:51","slug":"mutilations-pratiques-illicites-2-centres-proxidentaire-fermes-par-lars","status":"publish","type":"post","link":"https:\/\/www.synergiedentaire.com\/?p=5693","title":{"rendered":"Mutilations, pratiques illicites&#8230; 2 centres Proxidentaire ferm\u00e9s par l&rsquo;ARS"},"content":{"rendered":"<div id=\"fb-root\"><\/div>\n<div class=\"chapeau entry-summary\">\n<p>L&rsquo;ARS Bourgogne Franche-Comt\u00e9 a prononc\u00e9 la fermeture d\u00e9finitive des centres Proxidentaire de Belfort et Chevigny-Saint-Sauveur (C\u00f4te-d&rsquo;Or) qui faisaient l&rsquo;objet d&rsquo;une suspension d&rsquo;activit\u00e9 depuis cet \u00e9t\u00e9, apprend-on ce mercredi 6 octobre.<\/p>\n<\/div>\n<div class=\"entry-content\">\n<p>Cette d\u00e9cision du directeur g\u00e9n\u00e9ral de l&rsquo;ARS Bourgogne Franche-Comt\u00e9 en date du 6 octobre fait suite \u00e0 des mesures de suspension de l&rsquo;activit\u00e9 intervenues en juin et juillet derniers.<\/p>\n<p>Apr\u00e8s examen des r\u00e9ponses apport\u00e9es dans le cadre de la proc\u00e9dure contradictoire, l&rsquo;ARS consid\u00e8re que l&rsquo;association Proxidentaire n&rsquo;est pas en mesure d&rsquo;assurer une gestion des centres de Chevigny-Saint-Sauveur et de Belfort garantissant la pr\u00e9servation de la sant\u00e9 publique.<\/p>\n<div class=\"posts-connexes\">\n<div class=\"post-connexe\">\n<div class=\"columns\">\n<div class=\"column is-3\">\n<div class=\"visuel\"><span style=\"color: #111111; font-family: Roboto, sans-serif; font-size: 22px;\">Cabinets Proxidentaire : une mise en examen apr\u00e8s 76 plaintes<\/span><\/div>\n<\/div>\n<div class=\"column\">\n<div class=\"chapeau\">\n<p>Le tr\u00e9sorier de deux centres de soins dentaires low cost en Bourgogne-Franche-Comt\u00e9 a \u00e9t\u00e9 mis en examen apr\u00e8s le d\u00e9p\u00f4t de 76 plaintes de patients d\u00e9non\u00e7ant mauvais traitements, mutilations et abus financiers, a&#8230;<\/p>\n<\/div>\n<\/div>\n<\/div>\n<\/div>\n<\/div>\n<h2>Centre d&rsquo;appels, r\u00e9clamations<\/h2>\n<p>Dans le but d&rsquo;accompagner les patients des centres dentaires, l&rsquo;Agence a engag\u00e9 plusieurs niveaux d&rsquo;intervention en parall\u00e8le de cette proc\u00e9dure.<\/p>\n<p>Son centre d&rsquo;appels grand public a ainsi \u00e9t\u00e9 mobilis\u00e9 d\u00e8s l&rsquo;annonce de la suspension des centres, pour r\u00e9pondre aux usagers s&rsquo;interrogeant sur la poursuite de leurs soins ou souhaitant t\u00e9moigner de leurs exp\u00e9riences.\u00a0<strong>Plus de 620 appels ont \u00e9t\u00e9 trait\u00e9s, auxquels d&rsquo;ajoutent plus de 70 r\u00e9clamations \u00e9crites.<\/strong><\/p>\n<p>Une information et une prise en charge sp\u00e9cifiques concernent le risque infectieux ont d&rsquo;autre part \u00e9t\u00e9 assur\u00e9es par l&rsquo;ARS en lien avec le centre de crise du minist\u00e8re des Solidarit\u00e9s et de la Sant\u00e9 et la cellule Sant\u00e9 publique France en r\u00e9gion.<\/p>\n<p>L&rsquo;Agence conduit ces actions en \u00e9troite collaboration avec l&rsquo;Assurance maladie, l&rsquo;Ordre r\u00e9gional des chirurgiens &#8211; dentistes, en particulier sur le volet de la continuit\u00e9 des soins pour les patients des centres dentaires, et en concertation avec les autorit\u00e9s judiciaires dans le cadre de la proc\u00e9dure p\u00e9nale en cours.<\/p>\n<\/div>\n<p>lire la suite sur <a href=\"https:\/\/www.macommune.info\/mutilations-pratiques-illicites-les-centres-proxidentaire-a-belfort-et-chevigny-saint-sauveur-ferment-definitivement\/\" target=\"_blank\"  rel=\"nofollow\" >https:\/\/www.macommune.info\/mutilations-pratiques-illicites-les-centres-proxidentaire-a-belfort-et-chevigny-saint-sauveur-ferment-definitivement\/<\/a><\/p>\n<!-- AddThis Advanced Settings generic via filter on the_content --><!-- AddThis Share Buttons generic via filter on the_content -->","protected":false},"excerpt":{"rendered":"<p>L&rsquo;ARS Bourgogne Franche-Comt\u00e9 a prononc\u00e9 la fermeture d\u00e9finitive des centres Proxidentaire de Belfort et Chevigny-Saint-Sauveur (C\u00f4te-d&rsquo;Or) qui faisaient l&rsquo;objet d&rsquo;une suspension d&rsquo;activit\u00e9 depuis cet \u00e9t\u00e9, apprend-on ce mercredi 6 octobre. Cette d\u00e9cision du directeur g\u00e9n\u00e9ral de l&rsquo;ARS Bourgogne Franche-Comt\u00e9 en date du 6 octobre fait suite \u00e0 des mesures de suspension de l&rsquo;activit\u00e9 intervenues en [&hellip;]<!-- AddThis Advanced Settings generic via filter on get_the_excerpt --><!-- AddThis Share Buttons generic via filter on get_the_excerpt --><\/p>\n","protected":false},"author":1,"featured_media":5694,"comment_status":"closed","ping_status":"closed","sticky":false,"template":"","format":"standard","meta":{"footnotes":""},"categories":[93],"tags":[],"_links":{"self":[{"href":"https:\/\/www.synergiedentaire.com\/index.php?rest_route=\/wp\/v2\/posts\/5693"}],"collection":[{"href":"https:\/\/www.synergiedentaire.com\/index.php?rest_route=\/wp\/v2\/posts"}],"about":[{"href":"https:\/\/www.synergiedentaire.com\/index.php?rest_route=\/wp\/v2\/types\/post"}],"author":[{"embeddable":true,"href":"https:\/\/www.synergiedentaire.com\/index.php?rest_route=\/wp\/v2\/users\/1"}],"replies":[{"embeddable":true,"href":"https:\/\/www.synergiedentaire.com\/index.php?rest_route=%2Fwp%2Fv2%2Fcomments&post=5693"}],"version-history":[{"count":1,"href":"https:\/\/www.synergiedentaire.com\/index.php?rest_route=\/wp\/v2\/posts\/5693\/revisions"}],"predecessor-version":[{"id":5695,"href":"https:\/\/www.synergiedentaire.com\/index.php?rest_route=\/wp\/v2\/posts\/5693\/revisions\/5695"}],"wp:featuredmedia":[{"embeddable":true,"href":"https:\/\/www.synergiedentaire.com\/index.php?rest_route=\/wp\/v2\/media\/5694"}],"wp:attachment":[{"href":"https:\/\/www.synergiedentaire.com\/index.php?rest_route=%2Fwp%2Fv2%2Fmedia&parent=5693"}],"wp:term":[{"taxonomy":"category","embeddable":true,"href":"https:\/\/www.synergiedentaire.com\/index.php?rest_route=%2Fwp%2Fv2%2Fcategories&post=5693"},{"taxonomy":"post_tag","embeddable":true,"href":"https:\/\/www.synergiedentaire.com\/index.php?rest_route=%2Fwp%2Fv2%2Ftags&post=5693"}],"curies":[{"name":"wp","href":"https:\/\/api.w.org\/{rel}","templated":true}]}}