




{"id":6061,"date":"2023-01-25T09:27:04","date_gmt":"2023-01-25T08:27:04","guid":{"rendered":"https:\/\/www.synergiedentaire.com\/?p=6061"},"modified":"2023-01-25T10:14:05","modified_gmt":"2023-01-25T09:14:05","slug":"carte-de-sejour-pour-praticiens-etranger-communique-de-presse-de-la-fsdl","status":"publish","type":"post","link":"https:\/\/www.synergiedentaire.com\/?p=6061","title":{"rendered":"Carte de s\u00e9jour pour praticiens \u00e9tranger : communiqu\u00e9 de presse de la FSDL"},"content":{"rendered":"<div id=\"fb-root\"><\/div>\n<p>Nous apprenons ce matin que le  gouvernement veut cr\u00e9er une nouvelle carte de s\u00e9jour pluriannuelle d\u00e9nomm\u00e9e \u00ab talent \u2013 professions m\u00e9dicales et de pharmacie \u00bb, qui concerne les m\u00e9decins \u00ab quelle que soit leur sp\u00e9cialit\u00e9 \u00bb, les sages-femmes, les chirurgiens-dentistes et les pharmaciens, pr\u00e9cise le texte transmis lundi au Conseil d\u2019Etat.<\/p>\n<p>La dur\u00e9e de validit\u00e9 de cette carte de s\u00e9jour \u201cm\u00e9dicale\u201d sera de 4 ans et d\u00e9pendra de la validation par le praticien des \u00ab EVC \u00bb,  \u00c9preuves de V\u00e9rification des Connaissances.<\/p>\n<p>Nous savons d\u00e8s maintenant que la v\u00e9rification de ces connaissances est une hypocrisie sans nom, ne serait-ce que par le manque d\u2019effectifs au sein des ARS et des conseils d\u00e9partementaux ordinaux capables d\u2019effectuer un r\u00e9el contr\u00f4le.<\/p>\n<p>Selon l\u2019article 7 du texte, cette carte est destin\u00e9e aux professionnels de sant\u00e9 et \u00e0 leurs familles \u00ab d\u00e8s lors qu\u2019ils sont recrut\u00e9s par un \u00e9tablissement de sant\u00e9 public ou priv\u00e9 \u00e0 but non lucratif \u00bb. Encore une fois cette loi est principalement r\u00e9fl\u00e9chie pour un mod\u00e8le hospitalier sans anticiper les probl\u00e8mes qu\u2019elle posera dans le secteur lib\u00e9ral des professions de sant\u00e9 <\/p>\n<p>Pallier une politique d\u00e9sastreuse en termes de d\u00e9mographie professionnelle par l\u2019ouverture des fronti\u00e8res aux praticiens \u00e9trangers hors UE ne manquera pas de permettre  un afflux massif de main d\u2019\u0153uvre bon march\u00e9 aux centres dentaires associatifs \u00e0 but non lucratif (sic) qui n\u2019en demandaient pas tant. Et que diront les pays concern\u00e9s d\u00e9pouill\u00e9s de leurs professionnels de sant\u00e9 ?<\/p>\n<p>Cet effet d\u2019aubaine contribuera, \u00e0 n\u2019en point douter, \u00e0 multiplier les scandales sanitaires alors qu\u2019une loi visant \u00e0 r\u00e9guler ces centres venait tout juste d\u2019\u00eatre soumise au vote parlementaire.<\/p>\n<p>Au-del\u00e0 des d\u00e9rapages pr\u00e9visibles des comptes de la s\u00e9curit\u00e9 sociale, c\u2019est la qualit\u00e9 des soins prodigu\u00e9s qui va constituer un r\u00e9el danger de sant\u00e9 publique sans un contr\u00f4le efficace des connaissances acquises.<\/p>\n<p>Gouverner c\u2019est pr\u00e9voir, mais en l\u2019\u00e9tat actuel, cette mesure ne r\u00e9soudra rien et va aggraver  un syst\u00e8me de sant\u00e9 d\u00e9j\u00e0 \u00e0 bout de souffle et dans l\u2019impasse. On ne r\u00e9sout pas 40 ans de successions de plans de sauvetage d\u00e9sastreux par l\u2019ouverture de nos fronti\u00e8res aux m\u00e9decins \u00e9trangers sans s\u2019assurer de la pr\u00e9servation de la qualit\u00e9 des soins.<\/p>\n<p>La FSDL demande \u00e0 notre Ministre de tutelle une concertation urgente dans ce dossier avant de se retrouver dans une situation incontr\u00f4lable qui aura des cons\u00e9quences au niveau  \u00e9conomique et sanitaire.<\/p>\n<p><a href=\"https:\/\/www.fsdl.fr\/communique-de-presse-carte-de-sejour-medicale\/?fbclid=IwAR0fvvu-N87KfwoqchJSzSov96Nf-9xvtMxBScfc3KnIL6z_weEC-OziwQg#.Y6MDoKvS_yM.facebook\" target=\"_blank\"  rel=\"nofollow\" >https:\/\/www.fsdl.fr\/communique-de-presse-carte-de-sejour-medicale\/?fbclid=IwAR0fvvu-N87KfwoqchJSzSov96Nf-9xvtMxBScfc3KnIL6z_weEC-OziwQg#.Y6MDoKvS_yM.facebook<\/a><\/p>\n<!-- AddThis Advanced Settings generic via filter on the_content --><!-- AddThis Share Buttons generic via filter on the_content -->","protected":false},"excerpt":{"rendered":"<p>Nous apprenons ce matin que le gouvernement veut cr\u00e9er une nouvelle carte de s\u00e9jour pluriannuelle d\u00e9nomm\u00e9e \u00ab talent \u2013 professions m\u00e9dicales et de pharmacie \u00bb, qui concerne les m\u00e9decins \u00ab quelle que soit leur sp\u00e9cialit\u00e9 \u00bb, les sages-femmes, les chirurgiens-dentistes et les pharmaciens, pr\u00e9cise le texte transmis lundi au Conseil d\u2019Etat. La dur\u00e9e de validit\u00e9 [&hellip;]<!-- AddThis Advanced Settings generic via filter on get_the_excerpt --><!-- AddThis Share Buttons generic via filter on get_the_excerpt --><\/p>\n","protected":false},"author":1,"featured_media":4635,"comment_status":"closed","ping_status":"closed","sticky":false,"template":"","format":"standard","meta":{"footnotes":""},"categories":[84],"tags":[],"_links":{"self":[{"href":"https:\/\/www.synergiedentaire.com\/index.php?rest_route=\/wp\/v2\/posts\/6061"}],"collection":[{"href":"https:\/\/www.synergiedentaire.com\/index.php?rest_route=\/wp\/v2\/posts"}],"about":[{"href":"https:\/\/www.synergiedentaire.com\/index.php?rest_route=\/wp\/v2\/types\/post"}],"author":[{"embeddable":true,"href":"https:\/\/www.synergiedentaire.com\/index.php?rest_route=\/wp\/v2\/users\/1"}],"replies":[{"embeddable":true,"href":"https:\/\/www.synergiedentaire.com\/index.php?rest_route=%2Fwp%2Fv2%2Fcomments&post=6061"}],"version-history":[{"count":3,"href":"https:\/\/www.synergiedentaire.com\/index.php?rest_route=\/wp\/v2\/posts\/6061\/revisions"}],"predecessor-version":[{"id":6067,"href":"https:\/\/www.synergiedentaire.com\/index.php?rest_route=\/wp\/v2\/posts\/6061\/revisions\/6067"}],"wp:featuredmedia":[{"embeddable":true,"href":"https:\/\/www.synergiedentaire.com\/index.php?rest_route=\/wp\/v2\/media\/4635"}],"wp:attachment":[{"href":"https:\/\/www.synergiedentaire.com\/index.php?rest_route=%2Fwp%2Fv2%2Fmedia&parent=6061"}],"wp:term":[{"taxonomy":"category","embeddable":true,"href":"https:\/\/www.synergiedentaire.com\/index.php?rest_route=%2Fwp%2Fv2%2Fcategories&post=6061"},{"taxonomy":"post_tag","embeddable":true,"href":"https:\/\/www.synergiedentaire.com\/index.php?rest_route=%2Fwp%2Fv2%2Ftags&post=6061"}],"curies":[{"name":"wp","href":"https:\/\/api.w.org\/{rel}","templated":true}]}}