




{"id":6210,"date":"2023-04-26T16:10:00","date_gmt":"2023-04-26T15:10:00","guid":{"rendered":"https:\/\/www.synergiedentaire.com\/?p=6210"},"modified":"2023-04-26T16:10:09","modified_gmt":"2023-04-26T15:10:09","slug":"les-centres-dentaires-augmentent-les-inegalites-dacces-aux-soins-dentaires","status":"publish","type":"post","link":"https:\/\/www.synergiedentaire.com\/?p=6210","title":{"rendered":"Les centres dentaires augmentent les in\u00e9galit\u00e9s d&rsquo;acc\u00e8s aux soins dentaires"},"content":{"rendered":"<div id=\"fb-root\"><\/div>\n<p>Dans un communiqu\u00e9 paru le 1er f\u00e9vrier 2023, la Direction de la recherche, des \u00e9tudes, de l&rsquo;\u00e9valuation et des statistiques (DREES) confirme l&rsquo;analyse d\u00e9fendue par l&rsquo;Union Dentaire depuis des ann\u00e9es : l&rsquo;implantation g\u00e9ographique des centres dentaires contribue \u00e0 l&rsquo;augmentation des in\u00e9galit\u00e9s d&rsquo;acc\u00e8s aux soins dentaires. Le 2 f\u00e9vrier, l&rsquo;Union Dentaire d\u00e9fendait cet argument aupr\u00e8s du cabinet de Fran\u00e7ois Braun, Ministre de la Sant\u00e9.<\/p>\n<p><strong>Les zones surdot\u00e9es ont une accessibilit\u00e9 7.3 fois plus \u00e9lev\u00e9e que la moyenne<\/strong><br \/>\nLe 1er f\u00e9vrier, la DREES, organisme d\u00e9pendant entre autres du Minist\u00e8re de la Sant\u00e9, a publi\u00e9 un indicateur d\u2019accessibilit\u00e9 potentielle localis\u00e9e (APL) aux chirurgiens-dentistes en 2021, outil existant d\u00e9j\u00e0 pour les sages-femmes et les m\u00e9decins.<\/p>\n<p>Son rapport r\u00e9v\u00e8le que l\u2019accessibilit\u00e9 moyenne aux chirurgiens-dentistes est de 59,0 ETP (Equivalent Temps Plein) pour 100 000 habitants en 2021 mais que \u00ab\u00a0de fortes in\u00e9galit\u00e9s d\u2019accessibilit\u00e9 entre les territoires sont observ\u00e9es\u00a0\u00bb. En effet, \u00ab\u00a0l\u2019accessibilit\u00e9 moyenne des 10 % de la population les moins bien dot\u00e9s en chirurgiens-dentistes est de 15,3 ETP pour 100 000 habitants. Celle des 10 % les mieux dot\u00e9s en chirurgiens-dentistes est de 111,0 ETP pour 100 000 habitants, soit une accessibilit\u00e9 7,3 fois plus \u00e9lev\u00e9e\u00a0\u00bb.<br \/>\n<CENTER><br \/>\n<img loading=\"lazy\" decoding=\"async\" src=\"https:\/\/www.synergiedentaire.com\/wp-content\/uploads\/2023\/04\/ING-300x284.png\" alt=\"\" width=\"300\" height=\"284\" class=\"alignnone size-medium wp-image-6212\" srcset=\"https:\/\/www.synergiedentaire.com\/wp-content\/uploads\/2023\/04\/ING-300x284.png 300w, https:\/\/www.synergiedentaire.com\/wp-content\/uploads\/2023\/04\/ING-444x420.png 444w, https:\/\/www.synergiedentaire.com\/wp-content\/uploads\/2023\/04\/ING.png 671w\" sizes=\"(max-width: 300px) 100vw, 300px\" \/><br \/>\n<\/CENTER><\/p>\n<p>La DREES indique que \u00ab\u00a0ces in\u00e9galit\u00e9s d\u2019accessibilit\u00e9 aux chirurgiens-dentistes s\u2019expliquent en partie par une forte concentration de l\u2019activit\u00e9 en centre de sant\u00e9 dans les territoires les mieux dot\u00e9s : en excluant l\u2019activit\u00e9 en centre de sant\u00e9 du champ de l\u2019indicateur, les 10 % de la population les mieux dot\u00e9s en chirurgiens-dentistes ont une accessibilit\u00e9 moyenne 6,2 fois sup\u00e9rieure \u00e0 celle des 10 % les moins bien dot\u00e9s\u00a0\u00bb.<br \/>\n<strong><br \/>\nUne loi d\u00e9tourn\u00e9e pour des raisons financi\u00e8res<\/strong><br \/>\nAlors que la possibilit\u00e9 d&rsquo;ouvrir des centres dentaires avait \u00e9t\u00e9 cr\u00e9\u00e9e \u00e0 l&rsquo;origine en 2009 pour r\u00e9pondre \u00e0 des besoins d\u00e9mographiques, la loi a \u00e9t\u00e9 d\u00e9tourn\u00e9e pour des raisons mercantiles et les centres ne r\u00e9pondent pas aux besoins initiaux. <\/p>\n<p>L&rsquo;Union Dentaire d\u00e9nonce depuis longtemps que la majorit\u00e9 des centres dentaires s\u2019ouvre dans des zones surdot\u00e9es voire tr\u00e8s surdot\u00e9es : 35% des centres dentaires sont implant\u00e9s en R\u00e9gion Ile-de-France, zone tr\u00e8s surdot\u00e9e. Dans notre enqu\u00eate sur les centres implant\u00e9es dans les centres commerciaux Carrefour, nous avions montr\u00e9 que 70% des centres chez Carrefour s\u2019\u00e9taient implant\u00e9s dans des zones surdot\u00e9es ou tr\u00e8s surdot\u00e9es (les 30% restant dans des zones interm\u00e9diaires). De plus en plus de praticiens nous contactent pour nous signaler des installations de centres \u00e0 tr\u00e8s grande proximit\u00e9 voire dans le m\u00eame immeuble que leur cabinet.<\/p>\n<p>Ce rapport est une preuve suppl\u00e9mentaire que l&rsquo;implantation ne r\u00e9pond pas aux besoins des Fran\u00e7ais. <\/p>\n<p>SOURCE <a href=\"https:\/\/www.union-dentaire.com\/actualite\/les-centres-dentaires-augmentent-les-inegalites-dacces-aux-soins-dentaires-5100\/?fbclid=IwAR2pybLoKm9KWlAGwfOgUGI2oHW4PoU_iGOytb32FQdZZmgp11pH1Mvgv7M\" target=\"_blank\"  rel=\"nofollow\" >https:\/\/www.union-dentaire.com\/actualite\/les-centres-dentaires-augmentent-les-inegalites-dacces-aux-soins-dentaires-5100\/?fbclid=IwAR2pybLoKm9KWlAGwfOgUGI2oHW4PoU_iGOytb32FQdZZmgp11pH1Mvgv7M<\/a><\/p>\n<!-- AddThis Advanced Settings generic via filter on the_content --><!-- AddThis Share Buttons generic via filter on the_content -->","protected":false},"excerpt":{"rendered":"<p>Dans un communiqu\u00e9 paru le 1er f\u00e9vrier 2023, la Direction de la recherche, des \u00e9tudes, de l&rsquo;\u00e9valuation et des statistiques (DREES) confirme l&rsquo;analyse d\u00e9fendue par l&rsquo;Union Dentaire depuis des ann\u00e9es : l&rsquo;implantation g\u00e9ographique des centres dentaires contribue \u00e0 l&rsquo;augmentation des in\u00e9galit\u00e9s d&rsquo;acc\u00e8s aux soins dentaires. Le 2 f\u00e9vrier, l&rsquo;Union Dentaire d\u00e9fendait cet argument aupr\u00e8s du [&hellip;]<!-- AddThis Advanced Settings generic via filter on get_the_excerpt --><!-- AddThis Share Buttons generic via filter on get_the_excerpt --><\/p>\n","protected":false},"author":1,"featured_media":6211,"comment_status":"closed","ping_status":"closed","sticky":false,"template":"","format":"standard","meta":{"footnotes":""},"categories":[84,93],"tags":[],"_links":{"self":[{"href":"https:\/\/www.synergiedentaire.com\/index.php?rest_route=\/wp\/v2\/posts\/6210"}],"collection":[{"href":"https:\/\/www.synergiedentaire.com\/index.php?rest_route=\/wp\/v2\/posts"}],"about":[{"href":"https:\/\/www.synergiedentaire.com\/index.php?rest_route=\/wp\/v2\/types\/post"}],"author":[{"embeddable":true,"href":"https:\/\/www.synergiedentaire.com\/index.php?rest_route=\/wp\/v2\/users\/1"}],"replies":[{"embeddable":true,"href":"https:\/\/www.synergiedentaire.com\/index.php?rest_route=%2Fwp%2Fv2%2Fcomments&post=6210"}],"version-history":[{"count":2,"href":"https:\/\/www.synergiedentaire.com\/index.php?rest_route=\/wp\/v2\/posts\/6210\/revisions"}],"predecessor-version":[{"id":6214,"href":"https:\/\/www.synergiedentaire.com\/index.php?rest_route=\/wp\/v2\/posts\/6210\/revisions\/6214"}],"wp:featuredmedia":[{"embeddable":true,"href":"https:\/\/www.synergiedentaire.com\/index.php?rest_route=\/wp\/v2\/media\/6211"}],"wp:attachment":[{"href":"https:\/\/www.synergiedentaire.com\/index.php?rest_route=%2Fwp%2Fv2%2Fmedia&parent=6210"}],"wp:term":[{"taxonomy":"category","embeddable":true,"href":"https:\/\/www.synergiedentaire.com\/index.php?rest_route=%2Fwp%2Fv2%2Fcategories&post=6210"},{"taxonomy":"post_tag","embeddable":true,"href":"https:\/\/www.synergiedentaire.com\/index.php?rest_route=%2Fwp%2Fv2%2Ftags&post=6210"}],"curies":[{"name":"wp","href":"https:\/\/api.w.org\/{rel}","templated":true}]}}