




{"id":6240,"date":"2023-06-18T18:56:53","date_gmt":"2023-06-18T17:56:53","guid":{"rendered":"https:\/\/www.synergiedentaire.com\/?p=6240"},"modified":"2023-06-18T18:56:53","modified_gmt":"2023-06-18T17:56:53","slug":"sante-la-securite-sociale-veut-baisser-ses-remboursements-de-soins-dentaires-a-partir-doctobre-2023","status":"publish","type":"post","link":"https:\/\/www.synergiedentaire.com\/?p=6240","title":{"rendered":"Sant\u00e9 : la S\u00e9curit\u00e9 sociale veut baisser ses remboursements de soins dentaires \u00e0 partir d&rsquo;octobre 2023"},"content":{"rendered":"<div id=\"fb-root\"><\/div>\n<p><em>De fait, le ticket mod\u00e9rateur, la part des d\u00e9penses qui reste \u00e0 charge aux patients mais qui est souvent pris en charge par les mutuelles, \u00ab\u00a0passera de 30% \u00e0 40%\u00a0\u00bb, annonce le minist\u00e8re.<\/em><\/p>\n<p>De quoi faire grincer certaines dents. La s\u00e9curit\u00e9 sociale acte une prise en charge plus importante des soins bucco-dentaires par les compl\u00e9mentaires sant\u00e9, pour un effort de 500 millions d&rsquo;euros par an, annonce le minist\u00e8re de la Sant\u00e9 dans un communiqu\u00e9.<\/p>\n<p>La prise en charge de ces soins par l&rsquo;Assurance maladie passera \u00e0 partir du 1er octobre de 70% \u00e0 60% : le ticket mod\u00e9rateur, la part des d\u00e9penses qui reste \u00e0 charge aux patients mais qui est souvent pris en charge par les mutuelles, \u00ab\u00a0passera de 30% \u00e0 40%\u00a0\u00bb, annonce donc le minist\u00e8re, pr\u00e9cisant que \u00ab\u00a0Cet engagement signe le d\u00e9but d\u2019une nouvelle donne en mati\u00e8re de pr\u00e9vention et d\u2019accompagnement des Fran\u00e7ais\u00a0\u00bb.<\/p>\n<p>\u00ab\u00a0Cette d\u00e9cision aura m\u00e9caniquement des cons\u00e9quences sur les cotisations\u00a0\u00bb, a par ailleurs pr\u00e9cis\u00e9 Marie-Laure Dreyfuss, d\u00e9l\u00e9gu\u00e9e g\u00e9n\u00e9rale du Centre technique des institutions de pr\u00e9voyance. D&rsquo;autant que, selon le minist\u00e8re, une autre contribution des compl\u00e9mentaires sant\u00e9 \u00ab\u00a0aux mesures renfor\u00e7ant la pr\u00e9vention\u00a0\u00bb est envisag\u00e9e, dans le cadre de la n\u00e9gociation d&rsquo;une nouvelle convention entre l&rsquo;Assurance maladie et les dentistes cet \u00e9t\u00e9, \u00e0 hauteur d&rsquo;un demi-milliard d&rsquo;euros.<\/p>\n<p>Pour les assur\u00e9s, la facture pourrait donc encore gonfler, au gr\u00e9 des n\u00e9gociations en cours entre l&rsquo;Assurance maladie et plusieurs professions, notamment les dentistes qui pourraient signer une nouvelle convention d&rsquo;ici fin juillet. Une tractation avec les sages-femmes est \u00e9galement sur le point de s&rsquo;achever, tandis que des discussions \u00ab\u00a0\u00e9clair\u00a0\u00bb viennent de s&rsquo;ouvrir avec les infirmiers et d&rsquo;autres param\u00e9dicaux pour compenser l&rsquo;inflation. Du c\u00f4t\u00e9 des m\u00e9decins, les consultations seront revaloris\u00e9es de 1,50 euro au 1er novembre, ce qui co\u00fbtera 700 millions d&rsquo;euros \u00e0 la S\u00e9cu et 100 millions aux compl\u00e9mentaires en ann\u00e9e pleine.<\/p>\n<p>&nbsp;<\/p>\n<p><a href=\"https:\/\/www.francetvinfo.fr\/sante\/maladie\/sante-la-securite-sociale-veut-baisser-ses-remboursements-de-soins-dentaires-a-partir-d-octobre-2023_5891890.html\" target=\"_blank\"  rel=\"nofollow\" >https:\/\/www.francetvinfo.fr\/sante\/maladie\/sante-la-securite-sociale-veut-baisser-ses-remboursements-de-soins-dentaires-a-partir-d-octobre-2023_5891890.html<\/a><\/p>\n<!-- AddThis Advanced Settings generic via filter on the_content --><!-- AddThis Share Buttons generic via filter on the_content -->","protected":false},"excerpt":{"rendered":"<p>De fait, le ticket mod\u00e9rateur, la part des d\u00e9penses qui reste \u00e0 charge aux patients mais qui est souvent pris en charge par les mutuelles, \u00ab\u00a0passera de 30% \u00e0 40%\u00a0\u00bb, annonce le minist\u00e8re. De quoi faire grincer certaines dents. La s\u00e9curit\u00e9 sociale acte une prise en charge plus importante des soins bucco-dentaires par les compl\u00e9mentaires [&hellip;]<!-- AddThis Advanced Settings generic via filter on get_the_excerpt --><!-- AddThis Share Buttons generic via filter on get_the_excerpt --><\/p>\n","protected":false},"author":1,"featured_media":6241,"comment_status":"closed","ping_status":"closed","sticky":false,"template":"","format":"standard","meta":{"footnotes":""},"categories":[84,93],"tags":[],"_links":{"self":[{"href":"https:\/\/www.synergiedentaire.com\/index.php?rest_route=\/wp\/v2\/posts\/6240"}],"collection":[{"href":"https:\/\/www.synergiedentaire.com\/index.php?rest_route=\/wp\/v2\/posts"}],"about":[{"href":"https:\/\/www.synergiedentaire.com\/index.php?rest_route=\/wp\/v2\/types\/post"}],"author":[{"embeddable":true,"href":"https:\/\/www.synergiedentaire.com\/index.php?rest_route=\/wp\/v2\/users\/1"}],"replies":[{"embeddable":true,"href":"https:\/\/www.synergiedentaire.com\/index.php?rest_route=%2Fwp%2Fv2%2Fcomments&post=6240"}],"version-history":[{"count":1,"href":"https:\/\/www.synergiedentaire.com\/index.php?rest_route=\/wp\/v2\/posts\/6240\/revisions"}],"predecessor-version":[{"id":6242,"href":"https:\/\/www.synergiedentaire.com\/index.php?rest_route=\/wp\/v2\/posts\/6240\/revisions\/6242"}],"wp:featuredmedia":[{"embeddable":true,"href":"https:\/\/www.synergiedentaire.com\/index.php?rest_route=\/wp\/v2\/media\/6241"}],"wp:attachment":[{"href":"https:\/\/www.synergiedentaire.com\/index.php?rest_route=%2Fwp%2Fv2%2Fmedia&parent=6240"}],"wp:term":[{"taxonomy":"category","embeddable":true,"href":"https:\/\/www.synergiedentaire.com\/index.php?rest_route=%2Fwp%2Fv2%2Fcategories&post=6240"},{"taxonomy":"post_tag","embeddable":true,"href":"https:\/\/www.synergiedentaire.com\/index.php?rest_route=%2Fwp%2Fv2%2Ftags&post=6240"}],"curies":[{"name":"wp","href":"https:\/\/api.w.org\/{rel}","templated":true}]}}