




{"id":6327,"date":"2024-03-30T12:46:20","date_gmt":"2024-03-30T11:46:20","guid":{"rendered":"https:\/\/www.synergiedentaire.com\/?p=6327"},"modified":"2024-03-30T12:51:10","modified_gmt":"2024-03-30T11:51:10","slug":"installation-des-dentiste-un-compromis-necessaire-pour-lacces-aux-soins","status":"publish","type":"post","link":"https:\/\/www.synergiedentaire.com\/?p=6327","title":{"rendered":"Installation des dentiste : un compromis n\u00e9cessaire pour l&rsquo;acc\u00e8s aux soins ?"},"content":{"rendered":"<div id=\"fb-root\"><\/div>\n<p>Les dentistes lib\u00e9raux viennent d&rsquo;accepter une restriction de leur libert\u00e9 d&rsquo;installation dans le cadre du renouvellement de leur partenariat avec la S\u00e9curit\u00e9 sociale. D\u00e9sormais, ils ne pourront plus s&rsquo;installer dans les villes d\u00e9j\u00e0 bien pourvues en confr\u00e8res, \u00e0 moins que l&rsquo;un d&rsquo;entre eux ne c\u00e8de sa place. Cette mesure s&rsquo;appliquera \u00e9galement aux centres dentaires.<br \/>\nCette d\u00e9cision, bien que difficile pour la profession, semble \u00eatre un compromis n\u00e9cessaire pour am\u00e9liorer l&rsquo;acc\u00e8s aux soins dentaires sur l&rsquo;ensemble du territoire. En effet, certaines zones connaissent une forte densit\u00e9 de praticiens tandis que d&rsquo;autres font face \u00e0 des d\u00e9serts m\u00e9dicaux dentaires.<\/p>\n<p><strong>Une meilleure r\u00e9partition des dentistes sur le territoire<\/strong><br \/>\nL&rsquo;Assurance Maladie et les syndicats dentaires ont convenu de cette restriction afin de favoriser une r\u00e9partition plus \u00e9quilibr\u00e9e des dentistes sur le territoire national. L&rsquo;objectif est de garantir un acc\u00e8s aux soins bucco-dentaires pour tous les Fran\u00e7ais, y compris dans les zones sous-dot\u00e9es.<\/p>\n<p><strong>Cette mesure s&rsquo;inscrit dans une volont\u00e9 plus large de r\u00e9organisation de l&rsquo;offre de soins dentaires.<\/strong> Elle s&rsquo;accompagne notamment du d\u00e9veloppement de centres de sant\u00e9 dentaire, qui permettent une prise en charge \u00e0 des tarifs conventionn\u00e9s dans des zones manquant de praticiens lib\u00e9raux.<\/p>\n<p><strong>Un enjeu de sant\u00e9 publique<\/strong><br \/>\nAu-del\u00e0 des consid\u00e9rations \u00e9conomiques, cet encadrement de l&rsquo;installation des dentistes r\u00e9pond \u00e0 un enjeu de sant\u00e9 publique. En effet, de nombreux Fran\u00e7ais renoncent encore \u00e0 des soins dentaires essentiels, faute d&rsquo;un acc\u00e8s suffisant \u00e0 l&rsquo;offre de soins.<\/p>\n<p>Cette situation a des cons\u00e9quences importantes, tant sur la sant\u00e9 bucco-dentaire des patients que sur leurs d\u00e9penses de sant\u00e9 \u00e0 long terme. En favorisant une meilleure r\u00e9partition des praticiens, cette r\u00e9forme viserait donc \u00e0 am\u00e9liorer la pr\u00e9vention et la prise en charge des pathologies bucco-dentaires sur l&rsquo;ensemble du territoire.<br \/>\nBien que sensible pour la profession, ce compromis sur la libert\u00e9 d&rsquo;installation des dentistes se veut un pas dans la bonne direction pour garantir l&rsquo;acc\u00e8s aux soins dentaires pour tous les Fran\u00e7ais.<\/p>\n<h3>L\u2019Union Dentaire s\u2019oppose \u00e0 cette mesure et fait des propositions<br \/>\nDe concert avec l&rsquo;Union Nationale des Etudiants en Chirurgie Dentaire (UNECD) et le Syndicat National des Internes en Odontologie (SNIO), l\u2019Union Dentaire <strong style=\"font-family: Verdana, Geneva, sans-serif; font-size: 15px; color: #222222;\">s\u2019oppose \u00e0 des mesures coercitives<\/strong><span style=\"font-family: Verdana, Geneva, sans-serif; font-size: 15px; color: #222222;\">\u00a0qui n&rsquo;auraient aucun impact sur les zones sous-dot\u00e9es et seraient pr\u00e9judiciables pour les praticiens exer\u00e7ant dans les zones surdot\u00e9es.\u00a0<\/span><\/h3>\n<p>L\u2019Union Dentaire\u00a0<strong>propose des mesures incitatives<\/strong>\u00a0pour r\u00e9\u00e9quilibrer la situation d\u00e9mographique entre les zones surdot\u00e9es et sous-dot\u00e9es et pousser les praticiens \u00e0 venir s\u2019y installer (<a href=\"https:\/\/www.union-dentaire.com\/actualite\/les-10-propositions-de-lunion-dentaire-pour-ameliorer-la-repartition-des-chirurgiens\/\" target=\"_blank\"  rel=\"nofollow\" >cliquez ici pour voir leur propositions<\/a>).<\/p>\n<p><em>\u00ab\u00a0Oui, le manque de chirurgiens-dentistes dans les zones sous-dot\u00e9es est une <strong>catastrophe sanitaire<\/strong>\u00a0pour nos concitoyens.\u00a0<\/em><br \/>\n<em>Oui, les praticiens des zones sous-dot\u00e9es, parfois au bord du burn-out, ont besoin d\u2019\u00eatre\u00a0<strong>soutenus<\/strong>.<\/em><br \/>\n<em>Mais non,\u00a0<strong>la seule coercition n\u2019est pas la solution<\/strong>. \u00a0\u00bb <\/em>d\u00e9clare Franck Mouminoux<br \/>\nPr\u00e9sident de l\u2019Union Dentaire Chirurgien-dentiste \u00e0 Aurillac (Cantal)<\/p>\n<!-- AddThis Advanced Settings generic via filter on the_content --><!-- AddThis Share Buttons generic via filter on the_content -->","protected":false},"excerpt":{"rendered":"<p>Les dentistes lib\u00e9raux viennent d&rsquo;accepter une restriction de leur libert\u00e9 d&rsquo;installation dans le cadre du renouvellement de leur partenariat avec la S\u00e9curit\u00e9 sociale. D\u00e9sormais, ils ne pourront plus s&rsquo;installer dans les villes d\u00e9j\u00e0 bien pourvues en confr\u00e8res, \u00e0 moins que l&rsquo;un d&rsquo;entre eux ne c\u00e8de sa place. Cette mesure s&rsquo;appliquera \u00e9galement aux centres dentaires. Cette [&hellip;]<!-- AddThis Advanced Settings generic via filter on get_the_excerpt --><!-- AddThis Share Buttons generic via filter on get_the_excerpt --><\/p>\n","protected":false},"author":1,"featured_media":6330,"comment_status":"closed","ping_status":"closed","sticky":false,"template":"","format":"standard","meta":{"footnotes":""},"categories":[84],"tags":[],"_links":{"self":[{"href":"https:\/\/www.synergiedentaire.com\/index.php?rest_route=\/wp\/v2\/posts\/6327"}],"collection":[{"href":"https:\/\/www.synergiedentaire.com\/index.php?rest_route=\/wp\/v2\/posts"}],"about":[{"href":"https:\/\/www.synergiedentaire.com\/index.php?rest_route=\/wp\/v2\/types\/post"}],"author":[{"embeddable":true,"href":"https:\/\/www.synergiedentaire.com\/index.php?rest_route=\/wp\/v2\/users\/1"}],"replies":[{"embeddable":true,"href":"https:\/\/www.synergiedentaire.com\/index.php?rest_route=%2Fwp%2Fv2%2Fcomments&post=6327"}],"version-history":[{"count":2,"href":"https:\/\/www.synergiedentaire.com\/index.php?rest_route=\/wp\/v2\/posts\/6327\/revisions"}],"predecessor-version":[{"id":6331,"href":"https:\/\/www.synergiedentaire.com\/index.php?rest_route=\/wp\/v2\/posts\/6327\/revisions\/6331"}],"wp:featuredmedia":[{"embeddable":true,"href":"https:\/\/www.synergiedentaire.com\/index.php?rest_route=\/wp\/v2\/media\/6330"}],"wp:attachment":[{"href":"https:\/\/www.synergiedentaire.com\/index.php?rest_route=%2Fwp%2Fv2%2Fmedia&parent=6327"}],"wp:term":[{"taxonomy":"category","embeddable":true,"href":"https:\/\/www.synergiedentaire.com\/index.php?rest_route=%2Fwp%2Fv2%2Fcategories&post=6327"},{"taxonomy":"post_tag","embeddable":true,"href":"https:\/\/www.synergiedentaire.com\/index.php?rest_route=%2Fwp%2Fv2%2Ftags&post=6327"}],"curies":[{"name":"wp","href":"https:\/\/api.w.org\/{rel}","templated":true}]}}