




{"id":970,"date":"2015-07-23T16:06:00","date_gmt":"2015-07-23T15:06:00","guid":{"rendered":"https:\/\/www.synergiedentaire.com\/?p=970"},"modified":"2016-06-12T20:53:22","modified_gmt":"2016-06-12T19:53:22","slug":"vers-la-creation-de-la-profession-dhygieniste-dentaire-en-france","status":"publish","type":"post","link":"https:\/\/www.synergiedentaire.com\/?p=970","title":{"rendered":"Vers la cr\u00e9ation de la profession d\u2019hygi\u00e9niste dentaire en France ?"},"content":{"rendered":"<div id=\"fb-root\"><\/div>\n<p>Vers la cr\u00e9ation de la profession d\u2019hygi\u00e9niste dentaire en France ? Pour l\u2019heure, ce n\u2019est pas \u00e0 l\u2019agenda, mais l\u2019entr\u00e9e en vigueur de la nouvelle directive sur la reconnaissance des qualifications professionnelles, en janvier 2016, pourrait changer la donne. C\u2019est en effet l\u2019un des sujets qui \u00e9taient \u00e0 l\u2019ordre du jour de la r\u00e9union de la F\u00e9d\u00e9ration des autorit\u00e9s comp\u00e9tentes et des r\u00e9gulateurs dentaires europ\u00e9ens (Fedcar), le 16 mai dernier \u00e0 Tallinn (Estonie). De quoi s\u2019agit-il ? La nouvelle directive organise une proc\u00e9dure exceptionnelle : celle de l\u2019acc\u00e8s partiel \u00e0 une profession r\u00e9glement\u00e9e. Et pose la question suivante : un hygi\u00e9niste dentaire espagnol pourra-t-il acc\u00e9der en partie \u00e0 la profession d\u2019assistant dentaire en France ou en Belgique ? Et d\u00e8s lors exercer son m\u00e9tier dans les limites de celui d\u2019assistant dentaire ?<br \/>\nII n\u2019est cependant pas s\u00fbr que cela lui soit profitable si l\u2019on se r\u00e9f\u00e8re \u00e0 la Convention collective des cabinets dentaires qui stipule que l\u2019assistant dentaire \u00abcollabore \u00e0 l\u2019\u00e9ducation des patients en mati\u00e8re d\u2019hygi\u00e8ne bucco-dentaire\u00bb sans pouvoir se substituer \u00e0 la personne du chirurgien-dentiste (I). Le minist\u00e8re, voire le juge, tranchera la question \u00e0 court terme. Plus largement, la nouvelle directive fournit aussi la possibilit\u00e9 aux hygi\u00e9nistes dentaires de composer une formation minimale commune \u00e0 toute l\u2019UE (un \u00abcadre commun de formation \u00bb dans les termes de la directive). Sur la base de cette formation, les hygi\u00e9nistes, comme les chirurgiens-dentistes, infirmi\u00e8res, m\u00e9decins, pharmaciens, sages-femmes, v\u00e9t\u00e9rinaires et architectes b\u00e9n\u00e9ficieraient de ce que l\u2019on appelle aujourd\u2019hui la reconnaissance automatique de leur dipl\u00f4me quand ils d\u00e9cident de circuler dans le march\u00e9 du travail europ\u00e9en. Mais ce n\u2019est pas pour demain : plusieurs ann\u00e9es seront n\u00e9cessaires pour qu\u2019une profession si diverse dans sa formation et dans ses actes parvienne \u00e0 se mettre d\u2019accord sur une \u00e9ducation commune.<\/p>\n<p>Source : <a href=\"http:\/\/www.ordre-chirurgiens-dentistes.fr\/uploads\/media\/LA_LETTRE_139_03.pdf\" target=\"_blank\"  rel=\"nofollow\" >La Lettre 139 http:\/\/www.ordre-chirurgiens-dentistes.fr\/uploads\/media\/LA_LETTRE_139_03.pdf<\/a><\/p>\n<!-- AddThis Advanced Settings generic via filter on the_content --><!-- AddThis Share Buttons generic via filter on the_content -->","protected":false},"excerpt":{"rendered":"<p>Vers la cr&eacute;ation de la profession d&rsquo;hygi&eacute;niste dentaire en France ? Pour l&rsquo;heure, ce n&rsquo;est pas &agrave; l&rsquo;agenda, mais l&rsquo;entr&eacute;e en vigueur de la nouvelle directive sur la reconnaissance des qualifications professionnelles, en janvier 2016, pourrait changer la donne. C&rsquo;est en effet l&rsquo;un des sujets qui &eacute;taient &agrave; l&rsquo;ordre du jour de la r&eacute;union de la F&eacute;d&eacute;ration des autorit&eacute;s comp&eacute;tentes et des r&eacute;gulateurs dentaires europ&eacute;ens (Fedcar), le 16 mai dernier &agrave; Tallinn (Estonie). De quoi s&rsquo;agit-il ? La nouvelle directive organise une proc&eacute;dure exceptionnelle : celle de l&rsquo;acc&egrave;s partiel &agrave; une profession r&eacute;glement&eacute;e. Et pose la question suivante : un hygi&eacute;niste dentaire espagnol pourra-t-il acc&eacute;der en partie &agrave; la profession d&rsquo;assistant dentaire en France ou en Belgique ? Et d&egrave;s lors exercer son m&eacute;tier dans les limites de celui d&rsquo;assistant dentaire ?<br \/>\nII n&rsquo;est cependant pas s&ucirc;r que cela lui soit profitable si l&rsquo;on se r&eacute;f&egrave;re &agrave; la Convention collective des cabinets dentaires qui stipule que l&rsquo;assistant dentaire &laquo;collabore &agrave; l&rsquo;&eacute;ducation des patients en mati&egrave;re d&rsquo;hygi&egrave;ne bucco-dentaire&raquo; sans pouvoir se substituer &agrave; la personne du chirurgien-dentiste (I). Le minist&egrave;re, voire le juge, tranchera la question &agrave; court terme. Plus largement, la nouvelle directive fournit aussi la possibilit&eacute; aux hygi&eacute;nistes dentaires de composer une formation minimale commune &agrave; toute l&rsquo;UE (un &laquo;cadre commun de formation &raquo; dans les termes de la directive). Sur la base de cette formation, les hygi&eacute;nistes, comme les chirurgiens-dentistes, infirmi&egrave;res, m&eacute;decins, pharmaciens, sages-femmes, v&eacute;t&eacute;rinaires et architectes b&eacute;n&eacute;ficieraient de ce que l&rsquo;on appelle aujourd&rsquo;hui la reconnaissance automatique de leur dipl&ocirc;me quand ils d&eacute;cident de circuler dans le march&eacute; du travail europ&eacute;en. Mais ce n&rsquo;est pas pour demain : plusieurs ann&eacute;es seront n&eacute;cessaires pour qu&rsquo;une profession si diverse dans sa formation et dans ses actes parvienne &agrave; se mettre d&rsquo;accord sur une &eacute;ducation commune. <\/p>\n<p>Source : <a href=\"http:\/\/www.ordre-chirurgiens-dentistes.fr\/uploads\/media\/LA_LETTRE_139_03.pdf\">La Lettre 139 http:\/\/www.ordre-chirurgiens-dentistes.fr\/uploads\/media\/LA_LETTRE_139_03.pdf<\/a><\/p>\n<p><!-- AddThis Advanced Settings generic via filter on get_the_excerpt --><!-- AddThis Share Buttons generic via filter on get_the_excerpt --><\/p>\n","protected":false},"author":1,"featured_media":2200,"comment_status":"open","ping_status":"open","sticky":false,"template":"","format":"standard","meta":{"footnotes":""},"categories":[90],"tags":[],"_links":{"self":[{"href":"https:\/\/www.synergiedentaire.com\/index.php?rest_route=\/wp\/v2\/posts\/970"}],"collection":[{"href":"https:\/\/www.synergiedentaire.com\/index.php?rest_route=\/wp\/v2\/posts"}],"about":[{"href":"https:\/\/www.synergiedentaire.com\/index.php?rest_route=\/wp\/v2\/types\/post"}],"author":[{"embeddable":true,"href":"https:\/\/www.synergiedentaire.com\/index.php?rest_route=\/wp\/v2\/users\/1"}],"replies":[{"embeddable":true,"href":"https:\/\/www.synergiedentaire.com\/index.php?rest_route=%2Fwp%2Fv2%2Fcomments&post=970"}],"version-history":[{"count":1,"href":"https:\/\/www.synergiedentaire.com\/index.php?rest_route=\/wp\/v2\/posts\/970\/revisions"}],"predecessor-version":[{"id":2201,"href":"https:\/\/www.synergiedentaire.com\/index.php?rest_route=\/wp\/v2\/posts\/970\/revisions\/2201"}],"wp:featuredmedia":[{"embeddable":true,"href":"https:\/\/www.synergiedentaire.com\/index.php?rest_route=\/wp\/v2\/media\/2200"}],"wp:attachment":[{"href":"https:\/\/www.synergiedentaire.com\/index.php?rest_route=%2Fwp%2Fv2%2Fmedia&parent=970"}],"wp:term":[{"taxonomy":"category","embeddable":true,"href":"https:\/\/www.synergiedentaire.com\/index.php?rest_route=%2Fwp%2Fv2%2Fcategories&post=970"},{"taxonomy":"post_tag","embeddable":true,"href":"https:\/\/www.synergiedentaire.com\/index.php?rest_route=%2Fwp%2Fv2%2Ftags&post=970"}],"curies":[{"name":"wp","href":"https:\/\/api.w.org\/{rel}","templated":true}]}}